{"id":32,"date":"2020-11-18T12:29:36","date_gmt":"2020-11-18T12:29:36","guid":{"rendered":"https:\/\/demo.themeansar.com\/newsup\/lite\/?p=32"},"modified":"2020-11-22T22:18:03","modified_gmt":"2020-11-22T22:18:03","slug":"aire-acondicionado-calculo-de-capacidad-en-btu","status":"publish","type":"post","link":"https:\/\/tipsynoticias.com\/es\/2020\/11\/18\/aire-acondicionado-calculo-de-capacidad-en-btu\/","title":{"rendered":"Aire Acondicionado: C\u00e1lculo de Capacidad en BTU"},"content":{"rendered":"<div class=\"parrafo-econocopy\">En realidad existen m\u00e9todos muy desarrollados para realizar un c\u00e1lculo de carga t\u00e9rmica que nos permita saber la capacidad del equipo que necesitamos. Sin embargo para efectos pr\u00e1cticos podemos basarnos en la siguiente tabla la cual nos ayuda a saber la carga t\u00e9rmica del cuarto que queremos acondicionar bas\u00e1ndose en los metros cuadrados de nuestro cuarto, as\u00ed como la zona del pa\u00eds donde nos encontremos.\r\n<p class=\"wp-block-paragraph\"><!--more--><\/p>\r\n<p>\r\n\r\n<\/p>\r\n<blockquote class=\"wp-block-quote\">\r\n<p class=\"wp-block-paragraph\"><a href=\"http:\/\/www.grupocoensa.com\">Comprar un aire acondicionado<\/a> no es una inversi\u00f3n que se deba tomar a la ligera por lo que se debe estar seguro de cu\u00e1l ser\u00e1 el mejor lugar para instalar el equipo para sacarle el mayor provecho<\/p>\r\n<\/blockquote>\r\n<p>Es recomendable ir acondicionando en la medida que la econom\u00eda familiar lo permita, De tal forma que es buena idea comenzar con los lugares donde el confort del aire pueda disfrutarse m\u00e1s tiempo, Normalmente se comienza en la rec\u00e1mara principal terminando as\u00ed con las molestas noches de calor, o puede ser en el lugar donde la familia se re\u00fana normalmente tal como el estar de TV o la sala.<\/p>\r\n<p>Lo primero que debemos hacer, es determinar el \u00e1rea del cuarto que hayamos decidido acondicionar. Para esto s\u00f3lo debemos medir dos lados con una cinta m\u00e9trica y multiplicarlos. Con \u00e9ste dato localizamos en la tabla el rango de metros cuadrados en el cual se encuentra nuestro cuarto.<\/p>\r\n<p>A Continuaci\u00f3n la tabla para calcular el equipo que debemos comprar seg\u00fan el \u00e1rea que tenemos:<\/p>\r\n<\/div>\r\n<div id=\"imgpapel\"><img decoding=\"async\" src=\"https:\/\/www.servilimag.com\/wp-content\/uploads\/2017\/01\/capacidad-btu.jpg\" \/><\/div>","protected":false},"excerpt":{"rendered":"<p>En realidad existen m\u00e9todos muy desarrollados para realizar un c\u00e1lculo de carga t\u00e9rmica que nos permita saber la capacidad del equipo que necesitamos. Sin embargo para efectos pr\u00e1cticos podemos basarnos en la siguiente tabla la cual nos ayuda a saber la carga t\u00e9rmica del cuarto que queremos acondicionar bas\u00e1ndose en los metros cuadrados de nuestro [&hellip;]<\/p>\n","protected":false},"author":5,"featured_media":347,"comment_status":"open","ping_status":"open","sticky":false,"template":"","format":"standard","meta":{"footnotes":""},"categories":[4,21,25],"tags":[56,55],"class_list":["post-32","post","type-post","status-publish","format-standard","has-post-thumbnail","hentry","category-familia","category-hogar","category-salud-y-bienestar","tag-aire-acondicionado","tag-hogar"],"yoast_head":"<!-- This site is optimized with the Yoast SEO plugin v28.0 - https:\/\/yoast.com\/product\/yoast-seo-wordpress\/ -->\n<title>Aire Acondicionado: C\u00e1lculo de Capacidad en BTU - TipsyNoticias<\/title>\n<meta name=\"description\" content=\"Comprar un sistema de aire acondicionado es una decisi\u00f3n importante, aqui te brindamos los tips para tenerlo en cuenta.\" \/>\n<meta name=\"robots\" content=\"index, follow, max-snippet:-1, max-image-preview:large, max-video-preview:-1\" \/>\n<link rel=\"canonical\" href=\"https:\/\/tipsynoticias.com\/es\/2020\/11\/18\/aire-acondicionado-calculo-de-capacidad-en-btu\/\" \/>\n<meta property=\"og:locale\" content=\"es_ES\" \/>\n<meta property=\"og:type\" content=\"article\" \/>\n<meta property=\"og:title\" content=\"Aire Acondicionado: C\u00e1lculo de Capacidad en BTU - TipsyNoticias\" \/>\n<meta property=\"og:description\" content=\"Comprar un sistema de aire acondicionado es una decisi\u00f3n importante, aqui te brindamos los tips para tenerlo en cuenta.\" \/>\n<meta property=\"og:url\" content=\"https:\/\/tipsynoticias.com\/es\/2020\/11\/18\/aire-acondicionado-calculo-de-capacidad-en-btu\/\" \/>\n<meta property=\"og:site_name\" content=\"TipsyNoticias\" \/>\n<meta property=\"article:published_time\" content=\"2020-11-18T12:29:36+00:00\" \/>\n<meta property=\"article:modified_time\" content=\"2020-11-22T22:18:03+00:00\" \/>\n<meta property=\"og:image\" content=\"https:\/\/tipsynoticias.com\/wp-content\/uploads\/2020\/01\/aire-acondicionado.jpeg\" \/>\n\t<meta property=\"og:image:width\" content=\"656\" \/>\n\t<meta property=\"og:image:height\" content=\"370\" \/>\n\t<meta property=\"og:image:type\" content=\"image\/jpeg\" \/>\n<meta name=\"author\" content=\"TIPS NOTICIAS\" \/>\n<meta name=\"twitter:card\" content=\"summary_large_image\" \/>\n<meta name=\"twitter:label1\" content=\"Written by\" \/>\n\t<meta name=\"twitter:data1\" content=\"TIPS NOTICIAS\" \/>\n\t<meta name=\"twitter:label2\" content=\"Est. reading time\" \/>\n\t<meta name=\"twitter:data2\" content=\"1 minuto\" \/>\n<script type=\"application\/ld+json\" class=\"yoast-schema-graph\">{\"@context\":\"https:\\\/\\\/schema.org\",\"@graph\":[{\"@type\":\"Article\",\"@id\":\"https:\\\/\\\/tipsynoticias.com\\\/2020\\\/11\\\/18\\\/aire-acondicionado-calculo-de-capacidad-en-btu\\\/#article\",\"isPartOf\":{\"@id\":\"https:\\\/\\\/tipsynoticias.com\\\/2020\\\/11\\\/18\\\/aire-acondicionado-calculo-de-capacidad-en-btu\\\/\"},\"author\":{\"name\":\"TIPS NOTICIAS\",\"@id\":\"https:\\\/\\\/tipsynoticias.com\\\/#\\\/schema\\\/person\\\/bd01da81c100f7ab94b892aa113b4617\"},\"headline\":\"Aire Acondicionado: C\u00e1lculo de Capacidad en BTU\",\"datePublished\":\"2020-11-18T12:29:36+00:00\",\"dateModified\":\"2020-11-22T22:18:03+00:00\",\"mainEntityOfPage\":{\"@id\":\"https:\\\/\\\/tipsynoticias.com\\\/2020\\\/11\\\/18\\\/aire-acondicionado-calculo-de-capacidad-en-btu\\\/\"},\"wordCount\":259,\"commentCount\":0,\"image\":{\"@id\":\"https:\\\/\\\/tipsynoticias.com\\\/2020\\\/11\\\/18\\\/aire-acondicionado-calculo-de-capacidad-en-btu\\\/#primaryimage\"},\"thumbnailUrl\":\"https:\\\/\\\/tipsynoticias.com\\\/wp-content\\\/uploads\\\/2020\\\/01\\\/aire-acondicionado.jpeg\",\"keywords\":[\"Aire Acondicionado\",\"Hogar\"],\"articleSection\":[\"Familia\",\"Hogar\",\"Salud y Bienestar\"],\"inLanguage\":\"es-PE\",\"potentialAction\":[{\"@type\":\"CommentAction\",\"name\":\"Comment\",\"target\":[\"https:\\\/\\\/tipsynoticias.com\\\/2020\\\/11\\\/18\\\/aire-acondicionado-calculo-de-capacidad-en-btu\\\/#respond\"]}]},{\"@type\":\"WebPage\",\"@id\":\"https:\\\/\\\/tipsynoticias.com\\\/2020\\\/11\\\/18\\\/aire-acondicionado-calculo-de-capacidad-en-btu\\\/\",\"url\":\"https:\\\/\\\/tipsynoticias.com\\\/2020\\\/11\\\/18\\\/aire-acondicionado-calculo-de-capacidad-en-btu\\\/\",\"name\":\"Aire Acondicionado: C\u00e1lculo de Capacidad en BTU - TipsyNoticias\",\"isPartOf\":{\"@id\":\"https:\\\/\\\/tipsynoticias.com\\\/#website\"},\"primaryImageOfPage\":{\"@id\":\"https:\\\/\\\/tipsynoticias.com\\\/2020\\\/11\\\/18\\\/aire-acondicionado-calculo-de-capacidad-en-btu\\\/#primaryimage\"},\"image\":{\"@id\":\"https:\\\/\\\/tipsynoticias.com\\\/2020\\\/11\\\/18\\\/aire-acondicionado-calculo-de-capacidad-en-btu\\\/#primaryimage\"},\"thumbnailUrl\":\"https:\\\/\\\/tipsynoticias.com\\\/wp-content\\\/uploads\\\/2020\\\/01\\\/aire-acondicionado.jpeg\",\"datePublished\":\"2020-11-18T12:29:36+00:00\",\"dateModified\":\"2020-11-22T22:18:03+00:00\",\"author\":{\"@id\":\"https:\\\/\\\/tipsynoticias.com\\\/#\\\/schema\\\/person\\\/bd01da81c100f7ab94b892aa113b4617\"},\"description\":\"Comprar un sistema de aire acondicionado es una decisi\u00f3n importante, aqui te brindamos los tips para tenerlo en cuenta.\",\"breadcrumb\":{\"@id\":\"https:\\\/\\\/tipsynoticias.com\\\/2020\\\/11\\\/18\\\/aire-acondicionado-calculo-de-capacidad-en-btu\\\/#breadcrumb\"},\"inLanguage\":\"es-PE\",\"potentialAction\":[{\"@type\":\"ReadAction\",\"target\":[\"https:\\\/\\\/tipsynoticias.com\\\/2020\\\/11\\\/18\\\/aire-acondicionado-calculo-de-capacidad-en-btu\\\/\"]}]},{\"@type\":\"ImageObject\",\"inLanguage\":\"es-PE\",\"@id\":\"https:\\\/\\\/tipsynoticias.com\\\/2020\\\/11\\\/18\\\/aire-acondicionado-calculo-de-capacidad-en-btu\\\/#primaryimage\",\"url\":\"https:\\\/\\\/tipsynoticias.com\\\/wp-content\\\/uploads\\\/2020\\\/01\\\/aire-acondicionado.jpeg\",\"contentUrl\":\"https:\\\/\\\/tipsynoticias.com\\\/wp-content\\\/uploads\\\/2020\\\/01\\\/aire-acondicionado.jpeg\",\"width\":656,\"height\":370},{\"@type\":\"BreadcrumbList\",\"@id\":\"https:\\\/\\\/tipsynoticias.com\\\/2020\\\/11\\\/18\\\/aire-acondicionado-calculo-de-capacidad-en-btu\\\/#breadcrumb\",\"itemListElement\":[{\"@type\":\"ListItem\",\"position\":1,\"name\":\"Portada\",\"item\":\"https:\\\/\\\/tipsynoticias.com\\\/\"},{\"@type\":\"ListItem\",\"position\":2,\"name\":\"Aire Acondicionado: C\u00e1lculo de Capacidad en BTU\"}]},{\"@type\":\"WebSite\",\"@id\":\"https:\\\/\\\/tipsynoticias.com\\\/#website\",\"url\":\"https:\\\/\\\/tipsynoticias.com\\\/\",\"name\":\"TipsyNoticias\",\"description\":\"tu mundo de aportes\",\"potentialAction\":[{\"@type\":\"SearchAction\",\"target\":{\"@type\":\"EntryPoint\",\"urlTemplate\":\"https:\\\/\\\/tipsynoticias.com\\\/?s={search_term_string}\"},\"query-input\":{\"@type\":\"PropertyValueSpecification\",\"valueRequired\":true,\"valueName\":\"search_term_string\"}}],\"inLanguage\":\"es-PE\"},{\"@type\":\"Person\",\"@id\":\"https:\\\/\\\/tipsynoticias.com\\\/#\\\/schema\\\/person\\\/bd01da81c100f7ab94b892aa113b4617\",\"name\":\"TIPS NOTICIAS\",\"image\":{\"@type\":\"ImageObject\",\"inLanguage\":\"es-PE\",\"@id\":\"https:\\\/\\\/secure.gravatar.com\\\/avatar\\\/9fd5aeca93288f95a527b2e6eb6b88fa2334f8fda77b534565faedb500163919?s=96&d=mm&r=g\",\"url\":\"https:\\\/\\\/secure.gravatar.com\\\/avatar\\\/9fd5aeca93288f95a527b2e6eb6b88fa2334f8fda77b534565faedb500163919?s=96&d=mm&r=g\",\"contentUrl\":\"https:\\\/\\\/secure.gravatar.com\\\/avatar\\\/9fd5aeca93288f95a527b2e6eb6b88fa2334f8fda77b534565faedb500163919?s=96&d=mm&r=g\",\"caption\":\"TIPS NOTICIAS\"},\"url\":\"https:\\\/\\\/tipsynoticias.com\\\/es\\\/author\\\/grupo-aimsa2021\\\/\"}]}<\/script>\n<!-- \/ Yoast SEO plugin. -->","yoast_head_json":{"title":"Aire Acondicionado: C\u00e1lculo de Capacidad en BTU - TipsyNoticias","description":"Comprar un sistema de aire acondicionado es una decisi\u00f3n importante, aqui te brindamos los tips para tenerlo en cuenta.","robots":{"index":"index","follow":"follow","max-snippet":"max-snippet:-1","max-image-preview":"max-image-preview:large","max-video-preview":"max-video-preview:-1"},"canonical":"https:\/\/tipsynoticias.com\/es\/2020\/11\/18\/aire-acondicionado-calculo-de-capacidad-en-btu\/","og_locale":"es_ES","og_type":"article","og_title":"Aire Acondicionado: C\u00e1lculo de Capacidad en BTU - TipsyNoticias","og_description":"Comprar un sistema de aire acondicionado es una decisi\u00f3n importante, aqui te brindamos los tips para tenerlo en cuenta.","og_url":"https:\/\/tipsynoticias.com\/es\/2020\/11\/18\/aire-acondicionado-calculo-de-capacidad-en-btu\/","og_site_name":"TipsyNoticias","article_published_time":"2020-11-18T12:29:36+00:00","article_modified_time":"2020-11-22T22:18:03+00:00","og_image":[{"width":656,"height":370,"url":"https:\/\/tipsynoticias.com\/wp-content\/uploads\/2020\/01\/aire-acondicionado.jpeg","type":"image\/jpeg"}],"author":"TIPS NOTICIAS","twitter_card":"summary_large_image","twitter_misc":{"Written by":"TIPS NOTICIAS","Est. reading time":"1 minuto"},"schema":{"@context":"https:\/\/schema.org","@graph":[{"@type":"Article","@id":"https:\/\/tipsynoticias.com\/2020\/11\/18\/aire-acondicionado-calculo-de-capacidad-en-btu\/#article","isPartOf":{"@id":"https:\/\/tipsynoticias.com\/2020\/11\/18\/aire-acondicionado-calculo-de-capacidad-en-btu\/"},"author":{"name":"TIPS NOTICIAS","@id":"https:\/\/tipsynoticias.com\/#\/schema\/person\/bd01da81c100f7ab94b892aa113b4617"},"headline":"Aire Acondicionado: C\u00e1lculo de Capacidad en BTU","datePublished":"2020-11-18T12:29:36+00:00","dateModified":"2020-11-22T22:18:03+00:00","mainEntityOfPage":{"@id":"https:\/\/tipsynoticias.com\/2020\/11\/18\/aire-acondicionado-calculo-de-capacidad-en-btu\/"},"wordCount":259,"commentCount":0,"image":{"@id":"https:\/\/tipsynoticias.com\/2020\/11\/18\/aire-acondicionado-calculo-de-capacidad-en-btu\/#primaryimage"},"thumbnailUrl":"https:\/\/tipsynoticias.com\/wp-content\/uploads\/2020\/01\/aire-acondicionado.jpeg","keywords":["Aire Acondicionado","Hogar"],"articleSection":["Familia","Hogar","Salud y Bienestar"],"inLanguage":"es-PE","potentialAction":[{"@type":"CommentAction","name":"Comment","target":["https:\/\/tipsynoticias.com\/2020\/11\/18\/aire-acondicionado-calculo-de-capacidad-en-btu\/#respond"]}]},{"@type":"WebPage","@id":"https:\/\/tipsynoticias.com\/2020\/11\/18\/aire-acondicionado-calculo-de-capacidad-en-btu\/","url":"https:\/\/tipsynoticias.com\/2020\/11\/18\/aire-acondicionado-calculo-de-capacidad-en-btu\/","name":"Aire Acondicionado: C\u00e1lculo de Capacidad en BTU - TipsyNoticias","isPartOf":{"@id":"https:\/\/tipsynoticias.com\/#website"},"primaryImageOfPage":{"@id":"https:\/\/tipsynoticias.com\/2020\/11\/18\/aire-acondicionado-calculo-de-capacidad-en-btu\/#primaryimage"},"image":{"@id":"https:\/\/tipsynoticias.com\/2020\/11\/18\/aire-acondicionado-calculo-de-capacidad-en-btu\/#primaryimage"},"thumbnailUrl":"https:\/\/tipsynoticias.com\/wp-content\/uploads\/2020\/01\/aire-acondicionado.jpeg","datePublished":"2020-11-18T12:29:36+00:00","dateModified":"2020-11-22T22:18:03+00:00","author":{"@id":"https:\/\/tipsynoticias.com\/#\/schema\/person\/bd01da81c100f7ab94b892aa113b4617"},"description":"Comprar un sistema de aire acondicionado es una decisi\u00f3n importante, aqui te brindamos los tips para tenerlo en cuenta.","breadcrumb":{"@id":"https:\/\/tipsynoticias.com\/2020\/11\/18\/aire-acondicionado-calculo-de-capacidad-en-btu\/#breadcrumb"},"inLanguage":"es-PE","potentialAction":[{"@type":"ReadAction","target":["https:\/\/tipsynoticias.com\/2020\/11\/18\/aire-acondicionado-calculo-de-capacidad-en-btu\/"]}]},{"@type":"ImageObject","inLanguage":"es-PE","@id":"https:\/\/tipsynoticias.com\/2020\/11\/18\/aire-acondicionado-calculo-de-capacidad-en-btu\/#primaryimage","url":"https:\/\/tipsynoticias.com\/wp-content\/uploads\/2020\/01\/aire-acondicionado.jpeg","contentUrl":"https:\/\/tipsynoticias.com\/wp-content\/uploads\/2020\/01\/aire-acondicionado.jpeg","width":656,"height":370},{"@type":"BreadcrumbList","@id":"https:\/\/tipsynoticias.com\/2020\/11\/18\/aire-acondicionado-calculo-de-capacidad-en-btu\/#breadcrumb","itemListElement":[{"@type":"ListItem","position":1,"name":"Portada","item":"https:\/\/tipsynoticias.com\/"},{"@type":"ListItem","position":2,"name":"Aire Acondicionado: C\u00e1lculo de Capacidad en BTU"}]},{"@type":"WebSite","@id":"https:\/\/tipsynoticias.com\/#website","url":"https:\/\/tipsynoticias.com\/","name":"TipsyNoticias","description":"tu mundo de aportes","potentialAction":[{"@type":"SearchAction","target":{"@type":"EntryPoint","urlTemplate":"https:\/\/tipsynoticias.com\/?s={search_term_string}"},"query-input":{"@type":"PropertyValueSpecification","valueRequired":true,"valueName":"search_term_string"}}],"inLanguage":"es-PE"},{"@type":"Person","@id":"https:\/\/tipsynoticias.com\/#\/schema\/person\/bd01da81c100f7ab94b892aa113b4617","name":"TIPS NOTICIAS","image":{"@type":"ImageObject","inLanguage":"es-PE","@id":"https:\/\/secure.gravatar.com\/avatar\/9fd5aeca93288f95a527b2e6eb6b88fa2334f8fda77b534565faedb500163919?s=96&d=mm&r=g","url":"https:\/\/secure.gravatar.com\/avatar\/9fd5aeca93288f95a527b2e6eb6b88fa2334f8fda77b534565faedb500163919?s=96&d=mm&r=g","contentUrl":"https:\/\/secure.gravatar.com\/avatar\/9fd5aeca93288f95a527b2e6eb6b88fa2334f8fda77b534565faedb500163919?s=96&d=mm&r=g","caption":"TIPS NOTICIAS"},"url":"https:\/\/tipsynoticias.com\/es\/author\/grupo-aimsa2021\/"}]}},"_links":{"self":[{"href":"https:\/\/tipsynoticias.com\/es\/wp-json\/wp\/v2\/posts\/32","targetHints":{"allow":["GET"]}}],"collection":[{"href":"https:\/\/tipsynoticias.com\/es\/wp-json\/wp\/v2\/posts"}],"about":[{"href":"https:\/\/tipsynoticias.com\/es\/wp-json\/wp\/v2\/types\/post"}],"author":[{"embeddable":true,"href":"https:\/\/tipsynoticias.com\/es\/wp-json\/wp\/v2\/users\/5"}],"replies":[{"embeddable":true,"href":"https:\/\/tipsynoticias.com\/es\/wp-json\/wp\/v2\/comments?post=32"}],"version-history":[{"count":0,"href":"https:\/\/tipsynoticias.com\/es\/wp-json\/wp\/v2\/posts\/32\/revisions"}],"wp:featuredmedia":[{"embeddable":true,"href":"https:\/\/tipsynoticias.com\/es\/wp-json\/wp\/v2\/media\/347"}],"wp:attachment":[{"href":"https:\/\/tipsynoticias.com\/es\/wp-json\/wp\/v2\/media?parent=32"}],"wp:term":[{"taxonomy":"category","embeddable":true,"href":"https:\/\/tipsynoticias.com\/es\/wp-json\/wp\/v2\/categories?post=32"},{"taxonomy":"post_tag","embeddable":true,"href":"https:\/\/tipsynoticias.com\/es\/wp-json\/wp\/v2\/tags?post=32"}],"curies":[{"name":"wp","href":"https:\/\/api.w.org\/{rel}","templated":true}]}}